{"id":20628,"date":"2026-08-31T07:39:00","date_gmt":"2026-08-31T07:39:00","guid":{"rendered":"https:\/\/www.proiescon.es\/noticias\/la-nueva-directiva-epbd-como-afecta-a-edificios-protegidos-y-bic-en-espana\/"},"modified":"2026-08-31T07:41:36","modified_gmt":"2026-08-31T07:41:36","slug":"la-nueva-directiva-epbd-como-afecta-a-edificios-protegidos-y-bic-en-espana","status":"publish","type":"post","link":"https:\/\/www.proiescon.es\/noticias\/la-nueva-directiva-epbd-como-afecta-a-edificios-protegidos-y-bic-en-espana\/","title":{"rendered":"La Nueva Directiva EPBD: C\u00f3mo Afecta a Edificios Protegidos y BIC en Espa\u00f1a"},"content":{"rendered":"<!-- wp:group {\"metadata\":{\"categories\":[\"woo-commerce\"],\"patternName\":\"product-collection-banner\",\"name\":\"Product Collection Banner\"},\"align\":\"wide\",\"layout\":{\"type\":\"constrained\",\"contentSize\":\"1000px\"}} -->\r\n<div class=\"wp-block-group alignwide\"><!-- wp:columns {\"align\":\"wide\",\"style\":{\"color\":{\"background\":\"#273a71\"}}} -->\r\n<div class=\"wp-block-columns alignwide has-background\" style=\"background-color:#273a71\"><!-- wp:column {\"width\":\"58%\"} -->\r\n<div class=\"wp-block-column\" style=\"flex-basis:58%\"><!-- wp:cover {\"url\":\"http:\/\/www.proiescon.es\/wp-content\/uploads\/fondo_fachada.jpg\",\"id\":15752,\"alt\":\"Imagen Fachada Proiescon\",\"dimRatio\":20,\"customOverlayColor\":\"#9aacbd\",\"isUserOverlayColor\":true,\"minHeight\":430,\"minHeightUnit\":\"px\",\"isDark\":false,\"style\":{\"spacing\":{\"padding\":{\"top\":\"80px\",\"right\":\"80px\",\"bottom\":\"80px\",\"left\":\"80px\"}}}} -->\r\n<div class=\"wp-block-cover is-light\" style=\"padding-top:80px;padding-right:80px;padding-bottom:80px;padding-left:80px;min-height:430px\"><span aria-hidden=\"true\" class=\"wp-block-cover__background has-background-dim-20 has-background-dim\" style=\"background-color:#9aacbd\"><\/span><img loading=\"lazy\" decoding=\"async\" width=\"1200\" height=\"800\" class=\"wp-block-cover__image-background wp-image-15752\" alt=\"Imagen Fachada Proiescon\" src=\"http:\/\/www.proiescon.es\/wp-content\/uploads\/fondo_fachada.jpg\" data-object-fit=\"cover\" srcset=\"https:\/\/www.proiescon.es\/noticias\/wp-content\/uploads\/fondo_fachada.jpg 1200w, https:\/\/www.proiescon.es\/noticias\/wp-content\/uploads\/fondo_fachada-300x200.jpg 300w, https:\/\/www.proiescon.es\/noticias\/wp-content\/uploads\/fondo_fachada-768x512.jpg 768w, https:\/\/www.proiescon.es\/noticias\/wp-content\/uploads\/fondo_fachada-1024x683.jpg 1024w, https:\/\/www.proiescon.es\/noticias\/wp-content\/uploads\/fondo_fachada-700x467.jpg 700w\" sizes=\"auto, (max-width: 1200px) 100vw, 1200px\" \/><div class=\"wp-block-cover__inner-container\"><!-- wp:image {\"id\":20074,\"scale\":\"cover\",\"sizeSlug\":\"full\",\"linkDestination\":\"media\"} -->\r\n<figure class=\"wp-block-image size-full\"><a href=\"http:\/\/www.proiescon.es\/wp-content\/uploads\/logo_proiescon_madrid-1.png\"><img loading=\"lazy\" decoding=\"async\" width=\"400\" height=\"185\" src=\"http:\/\/www.proiescon.es\/wp-content\/uploads\/logo_proiescon_madrid-1.png\" alt=\"\" class=\"wp-image-20074\" style=\"object-fit:cover\" srcset=\"https:\/\/www.proiescon.es\/noticias\/wp-content\/uploads\/logo_proiescon_madrid-1.png 400w, https:\/\/www.proiescon.es\/noticias\/wp-content\/uploads\/logo_proiescon_madrid-1-300x139.png 300w\" sizes=\"auto, (max-width: 400px) 100vw, 400px\" \/><\/a><\/figure>\r\n<!-- \/wp:image --><\/div><\/div>\r\n<!-- \/wp:cover --><\/div>\r\n<!-- \/wp:column -->\r\n\r\n<!-- wp:column {\"verticalAlignment\":\"center\"} -->\r\n<div class=\"wp-block-column is-vertically-aligned-center\"><!-- wp:heading {\"textAlign\":\"left\",\"style\":{\"elements\":{\"link\":{\"color\":{\"text\":\"var:preset|color|white\"}}}},\"textColor\":\"white\",\"fontSize\":\"medium\"} -->\r\n<h2 class=\"wp-block-heading has-text-align-left has-white-color has-text-color has-link-color has-medium-font-size\" style=\"padding-left:10px; padding-right:10px;line-height:1.3\">\u00bfNecesitas asesoramiento experto para tu proyecto?<\/h2>\r\n<!-- \/wp:heading -->\r\n<!-- wp:spacer {\"height\":\"16px\"} -->\r\n<div style=\"height:16px\" aria-hidden=\"true\" class=\"wp-block-spacer\"><\/div>\r\n<!-- \/wp:spacer -->\r\n<!-- wp:paragraph {\"align\":\"left\",\"style\":{\"typography\":{\"fontStyle\":\"normal\",\"fontWeight\":\"300\",\"lineHeight\":\"1.3\"}},\"textColor\":\"white\",\"fontSize\":\"small\",\"fontFamily\":\"inter\"} -->\r\n<p class=\"has-text-align-left has-white-color has-text-color has-inter-font-family has-small-font-size\" style=\"padding-left:10px; padding-right:10px; font-style:normal;font-weight:300;line-height:1.3\">Habla con nuestros especialistas y descubre la mejor soluci\u00f3n. Cont\u00e1ctanos para una consulta personalizada.<\/p>\r\n<!-- \/wp:paragraph -->\r\n\r\n<!-- wp:buttons {\"layout\":{\"type\":\"flex\",\"justifyContent\":\"left\"}} -->\r\n<div class=\"wp-block-buttons\"><!-- wp:button {\"textAlign\":\"center\",\"backgroundColor\":\"white\",\"width\":100,\"className\":\"is-style-outline\",\"style\":{\"color\":{\"text\":\"#273a71\"},\"border\":{\"radius\":\"100px\",\"width\":\"0px\",\"style\":\"none\"}},\"fontSize\":\"small\"} -->\r\n<div class=\"wp-block-button has-custom-width wp-block-button__width-75 has-custom-font-size is-style-outline has-small-font-size\" style=\"padding-left:10px; padding-right:10px;\"><a class=\"wp-block-button__link has-white-background-color has-text-color has-background has-text-align-center wp-element-button\" href=\"https:\/\/www.proiescon.es\/contactar-con-proiescon-rehabilitacion-de-fachadas\/\" style=\"border-style:none;border-width:0px;border-radius:100px;color:#273a71\">\u00a1Contacta con un experto!<\/a><\/div>\r\n<!-- \/wp:button --><\/div>\r\n<!-- \/wp:buttons --><\/div>\r\n<!-- \/wp:column --><\/div>\r\n<!-- \/wp:columns --><\/div>\r\n<!-- \/wp:group -->\r\n\r\n<!-- wp:spacer {\"height\":\"50px\"} -->\r\n<div style=\"height:50px\" aria-hidden=\"true\" class=\"wp-block-spacer\"><\/div>\r\n<!-- \/wp:spacer -->\r\n\r\n\r\n\n<p>La reciente aprobaci\u00f3n de la Directiva Europea de Eficiencia Energ\u00e9tica de Edificios (EPBD), formalizada en la Directiva (UE) 2024\/1275, marca un punto de inflexi\u00f3n en el camino de Europa hacia la descarbonizaci\u00f3n. Con el ambicioso objetivo de lograr un parque inmobiliario de cero emisiones netas para 2050, esta normativa introduce requisitos estrictos de rehabilitaci\u00f3n energ\u00e9tica. Sin embargo, para los propietarios y gestores de edificios con valor hist\u00f3rico, arquitect\u00f3nico o cultural, esta directiva genera una pregunta fundamental: \u00bfc\u00f3mo conjugar la eficiencia energ\u00e9tica con la preservaci\u00f3n del patrimonio?<\/p>\n<p>La preocupaci\u00f3n es leg\u00edtima. Intervenir en un edificio protegido o declarado Bien de Inter\u00e9s Cultural (BIC) no es una tarea sencilla. Cada elemento, desde la fachada hasta la carpinter\u00eda, cuenta una historia y est\u00e1 sujeto a normativas de protecci\u00f3n espec\u00edficas. En este contexto, la idea de una rehabilitaci\u00f3n energ\u00e9tica obligatoria puede parecer una amenaza para la integridad y el car\u00e1cter del inmueble. A continuaci\u00f3n, desglosamos el impacto real de la EPBD en estos edificios singulares y aclaramos el camino a seguir.<\/p>\n<h2>\u00bfQu\u00e9 establece la nueva Directiva de Eficiencia Energ\u00e9tica de Edificios (EPBD)?<\/h2>\n<p>La nueva EPBD es la hoja de ruta de la Uni\u00f3n Europea para transformar nuestro entorno construido. Su objetivo principal es reducir dr\u00e1sticamente el consumo de energ\u00eda y las emisiones de gases de efecto invernadero del sector de la edificaci\u00f3n, responsable de aproximadamente el 40% del consumo energ\u00e9tico y el 36% de las emisiones de CO2 en la UE.<\/p>\n<p>Para lograrlo, la directiva establece una serie de medidas y plazos clave:<\/p>\n<ul>\n<li><strong>Edificios de Cero Emisiones (ZEB):<\/strong> Todos los edificios nuevos deber\u00e1n ser de cero emisiones a partir de 2030 (y desde 2028 para los edificios p\u00fablicos).<\/li>\n<li><strong>Est\u00e1ndares M\u00ednimos de Eficiencia Energ\u00e9tica (MEPS):<\/strong> Se establecen umbrales m\u00ednimos de eficiencia que los edificios existentes deber\u00e1n cumplir. Para los edificios no residenciales, se exigir\u00e1 superar la eficiencia del 16% de los edificios con peor rendimiento del parque nacional para 2030, y del 26% para 2033.<\/li>\n<li><strong>Reducci\u00f3n del Consumo Medio:<\/strong> El parque de edificios residenciales deber\u00e1 reducir su consumo medio de energ\u00eda primaria en al menos un 16% para 2030 y entre un 20-22% para 2035.<\/li>\n<li><strong>Pasaportes de Renovaci\u00f3n:<\/strong> Se introduce este documento voluntario que ofrecer\u00e1 una hoja de ruta personalizada para la renovaci\u00f3n por fases de un edificio hasta alcanzar el nivel de cero emisiones.<\/li>\n<\/ul>\n<p>Estos objetivos implican una ola de rehabilitaciones energ\u00e9ticas en toda Europa. Pero, \u00bfqu\u00e9 ocurre cuando el edificio a rehabilitar es una joya arquitect\u00f3nica protegida por su valor hist\u00f3rico?<\/p>\n<h2>Edificios Protegidos y BIC: \u00bfExentos de las obligaciones de la EPBD?<\/h2>\n<p>Esta es la cuesti\u00f3n central para los titulares de patrimonio. La directiva reconoce la singularidad y el valor de los edificios hist\u00f3ricos y, por tanto, contempla exenciones espec\u00edficas. Sin embargo, es crucial entender que <strong>la exenci\u00f3n no es autom\u00e1tica ni universal<\/strong>. Est\u00e1 condicionada y debe justificarse t\u00e9cnicamente.<\/p>\n<h3>Criterios para la exenci\u00f3n de edificios hist\u00f3ricos<\/h3>\n<p>El art\u00edculo 5 de la Directiva (UE) 2024\/1275 permite a los Estados miembros eximir de la aplicaci\u00f3n de los est\u00e1ndares m\u00ednimos de eficiencia energ\u00e9tica a las siguientes categor\u00edas de edificios:<\/p>\n<ul>\n<li>Edificios protegidos oficialmente por su valor arquitect\u00f3nico o hist\u00f3rico singular.<\/li>\n<li>Edificios situados en entornos protegidos o que forman parte de un conjunto hist\u00f3rico.<\/li>\n<\/ul>\n<p>La condici\u00f3n para aplicar esta exenci\u00f3n es que el cumplimiento de los requisitos de eficiencia energ\u00e9tica <strong>\u201caltere de manera inaceptable su car\u00e1cter o aspecto particular\u201d<\/strong>. Esta cl\u00e1usula es la clave de todo el proceso y abre la puerta a un an\u00e1lisis caso por caso.<\/p>\n<h3>\u00bfQu\u00e9 significa una \u201calteraci\u00f3n inaceptable del car\u00e1cter o aspecto\u201d?<\/h3>\n<p>Este t\u00e9rmino no tiene una definici\u00f3n r\u00edgida, ya que depende de las caracter\u00edsticas espec\u00edficas de cada inmueble y de la normativa de patrimonio que le sea aplicable. Determinar si una medida de mejora energ\u00e9tica es aceptable requiere un profundo conocimiento t\u00e9cnico tanto en eficiencia energ\u00e9tica como en restauraci\u00f3n patrimonial.<\/p>\n<p>Una alteraci\u00f3n inaceptable podr\u00eda ser:<\/p>\n<ul>\n<li>La instalaci\u00f3n de un sistema de aislamiento t\u00e9rmico por el exterior (SATE) en una fachada de siller\u00eda o con elementos ornamentales protegidos.<\/li>\n<li>La sustituci\u00f3n de carpinter\u00edas de madera originales por otras de materiales modernos que rompan la est\u00e9tica del conjunto.<\/li>\n<li>La colocaci\u00f3n de paneles solares en cubiertas hist\u00f3ricas visibles que impacten negativamente en el paisaje urbano protegido.<\/li>\n<\/ul>\n<p>Evaluar esta \u201caceptabilidad\u201d es una tarea compleja que debe ser realizada por un equipo de expertos. Un an\u00e1lisis superficial podr\u00eda llevar a descartar mejoras viables o, peor a\u00fan, a proponer intervenciones que da\u00f1en el valor del edificio. Es aqu\u00ed donde la especializaci\u00f3n en la <a href=\"https:\/\/www.proiescon.es\/restauracion-fachadas-historicas\/\">restauraci\u00f3n de fachadas hist\u00f3ricas<\/a> y el conocimiento de materiales y t\u00e9cnicas tradicionales se vuelven indispensables.<\/p>\n<!-- wp:group {\"metadata\":{\"categories\":[\"woo-commerce\"],\"patternName\":\"product-collection-banner\",\"name\":\"Product Collection Banner\"},\"align\":\"wide\",\"layout\":{\"type\":\"constrained\",\"contentSize\":\"1000px\"}} -->\r\n<div class=\"wp-block-group alignwide\"><!-- wp:columns {\"align\":\"wide\",\"style\":{\"color\":{\"background\":\"#273a71\"}}} -->\r\n<div class=\"wp-block-columns alignwide has-background\" style=\"background-color:#273a71\"><!-- wp:column {\"width\":\"58%\"} -->\r\n<div class=\"wp-block-column\" style=\"flex-basis:58%\"><!-- wp:cover {\"url\":\"http:\/\/www.proiescon.es\/wp-content\/uploads\/Expertos-en-Mortero-de-Cal-madrid.jpg\",\"id\":15752,\"alt\":\"Imagen Fachada Proiescon\",\"dimRatio\":20,\"customOverlayColor\":\"#9aacbd\",\"isUserOverlayColor\":true,\"minHeight\":430,\"minHeightUnit\":\"px\",\"isDark\":false,\"style\":{\"spacing\":{\"padding\":{\"top\":\"80px\",\"right\":\"80px\",\"bottom\":\"80px\",\"left\":\"80px\"}}}} -->\r\n<div class=\"wp-block-cover is-light\" style=\"padding-top:80px;padding-right:80px;padding-bottom:80px;padding-left:80px;min-height:430px\"><span aria-hidden=\"true\" class=\"wp-block-cover__background has-background-dim-20 has-background-dim\" style=\"background-color:#9aacbd\"><\/span><img decoding=\"async\" class=\"wp-block-cover__image-background wp-image-15752\" alt=\"Imagen Fachada Proiescon\" src=\"http:\/\/www.proiescon.es\/wp-content\/uploads\/Expertos-en-Mortero-de-Cal-madrid.jpg\" data-object-fit=\"cover\"\/><div class=\"wp-block-cover__inner-container\"><!-- wp:image {\"id\":20074,\"scale\":\"cover\",\"sizeSlug\":\"full\",\"linkDestination\":\"media\"} -->\r\n<figure class=\"wp-block-image size-full\"><a href=\"http:\/\/www.proiescon.es\/wp-content\/uploads\/logo_proiescon_madrid-1.png\"><img loading=\"lazy\" decoding=\"async\" width=\"400\" height=\"185\" src=\"http:\/\/www.proiescon.es\/wp-content\/uploads\/logo_proiescon_madrid-1.png\" alt=\"\" class=\"wp-image-20074\" style=\"object-fit:cover\" srcset=\"https:\/\/www.proiescon.es\/noticias\/wp-content\/uploads\/logo_proiescon_madrid-1.png 400w, https:\/\/www.proiescon.es\/noticias\/wp-content\/uploads\/logo_proiescon_madrid-1-300x139.png 300w\" sizes=\"auto, (max-width: 400px) 100vw, 400px\" \/><\/a><\/figure>\r\n<!-- \/wp:image --><\/div><\/div>\r\n<!-- \/wp:cover --><\/div>\r\n<!-- \/wp:column -->\r\n\r\n<!-- wp:column {\"verticalAlignment\":\"center\"} -->\r\n<div class=\"wp-block-column is-vertically-aligned-center\"><!-- wp:heading {\"textAlign\":\"left\",\"style\":{\"elements\":{\"link\":{\"color\":{\"text\":\"var:preset|color|white\"}}}},\"textColor\":\"white\",\"fontSize\":\"medium\"} -->\r\n<h2 class=\"wp-block-heading has-text-align-left has-white-color has-text-color has-link-color has-medium-font-size\" style=\"padding-left:10px; padding-right:10px;line-height:1.3\">\u00bfNecesitas asesoramiento experto para tu proyecto?<\/h2>\r\n<!-- \/wp:heading -->\r\n<!-- wp:spacer {\"height\":\"16px\"} -->\r\n<div style=\"height:16px\" aria-hidden=\"true\" class=\"wp-block-spacer\"><\/div>\r\n<!-- \/wp:spacer -->\r\n<!-- wp:paragraph {\"align\":\"left\",\"style\":{\"typography\":{\"fontStyle\":\"normal\",\"fontWeight\":\"300\",\"lineHeight\":\"1.3\"}},\"textColor\":\"white\",\"fontSize\":\"small\",\"fontFamily\":\"inter\"} -->\r\n<p class=\"has-text-align-left has-white-color has-text-color has-inter-font-family has-small-font-size\" style=\"padding-left:10px; padding-right:10px; font-style:normal;font-weight:300;line-height:1.3\">Habla con nuestros especialistas y descubre la mejor soluci\u00f3n. Cont\u00e1ctanos para una consulta personalizada.<\/p>\r\n<!-- \/wp:paragraph -->\r\n\r\n<!-- wp:buttons {\"layout\":{\"type\":\"flex\",\"justifyContent\":\"left\"}} -->\r\n<div class=\"wp-block-buttons\"><!-- wp:button {\"textAlign\":\"center\",\"backgroundColor\":\"white\",\"width\":100,\"className\":\"is-style-outline\",\"style\":{\"color\":{\"text\":\"#273a71\"},\"border\":{\"radius\":\"100px\",\"width\":\"0px\",\"style\":\"none\"}},\"fontSize\":\"small\"} -->\r\n<div class=\"wp-block-button has-custom-width wp-block-button__width-75 has-custom-font-size is-style-outline has-small-font-size\" style=\"padding-left:10px; padding-right:10px;\"><a class=\"wp-block-button__link has-white-background-color has-text-color has-background has-text-align-center wp-element-button\" href=\"https:\/\/www.proiescon.es\/contactar-con-proiescon-rehabilitacion-de-fachadas\/\" style=\"border-style:none;border-width:0px;border-radius:100px;color:#273a71\">\u00a1Contacta con un experto!<\/a><\/div>\r\n<!-- \/wp:button --><\/div>\r\n<!-- \/wp:buttons --><\/div>\r\n<!-- \/wp:column --><\/div>\r\n<!-- \/wp:columns --><\/div>\r\n<!-- \/wp:group -->\r\n\r\n<!-- wp:spacer {\"height\":\"50px\"} -->\r\n<div style=\"height:50px\" aria-hidden=\"true\" class=\"wp-block-spacer\"><\/div>\r\n<!-- \/wp:spacer -->\r\n\r\n\r\n\n<h2>La Obligaci\u00f3n de Rehabilitar: \u00bfCu\u00e1ndo y c\u00f3mo se aplica al patrimonio?<\/h2>\n<p>Incluso si un edificio puede acogerse a ciertas exenciones, la directiva promueve la mejora de la eficiencia energ\u00e9tica siempre que sea t\u00e9cnica, funcional y econ\u00f3micamente viable. La exenci\u00f3n no es un cheque en blanco para la inacci\u00f3n, sino una salvaguarda para proteger el valor patrimonial.<\/p>\n<p>Los edificios protegidos, especialmente los de uso no residencial, no est\u00e1n completamente al margen. Deber\u00e1n someterse a un an\u00e1lisis para determinar qu\u00e9 mejoras son posibles sin comprometer su integridad. La clave es encontrar un equilibrio entre la modernizaci\u00f3n energ\u00e9tica y la conservaci\u00f3n hist\u00f3rica.<\/p>\n<p>Un proyecto de <a href=\"https:\/\/www.proiescon.es\/rehabilitacion-edificios-historicos\/\">rehabilitaci\u00f3n de edificios hist\u00f3ricos<\/a> bajo el nuevo marco de la EPBD debe partir de un diagn\u00f3stico exhaustivo. Este an\u00e1lisis determinar\u00e1 qu\u00e9 elementos est\u00e1n protegidos, qu\u00e9 patolog\u00edas sufre el edificio y qu\u00e9 medidas de eficiencia son compatibles. Solo a trav\u00e9s de este estudio previo se puede dise\u00f1ar una intervenci\u00f3n que cumpla con el esp\u00edritu de la normativa sin da\u00f1ar el legado arquitect\u00f3nico.<\/p>\n<h2>Soluciones compatibles con la protecci\u00f3n del patrimonio hist\u00f3rico<\/h2>\n<p>Lejos de ser un callej\u00f3n sin salida, la EPBD es una oportunidad para aplicar soluciones innovadoras y respetuosas que mejoren el confort, reduzcan los costes operativos y aseguren la sostenibilidad a largo plazo del patrimonio.<\/p>\n<h3>Estrategias de intervenci\u00f3n respetuosas<\/h3>\n<p>La tecnolog\u00eda y el conocimiento actual permiten implementar una amplia gama de medidas de eficiencia energ\u00e9tica compatibles con la protecci\u00f3n del patrimonio:<\/p>\n<ul>\n<li><strong>Aislamiento interior:<\/strong> Utilizaci\u00f3n de materiales transpirables y compatibles con los muros originales (morteros de cal, paneles de fibra de madera, corcho) para mejorar el aislamiento sin alterar la fachada.<\/li>\n<li><strong>Mejora de carpinter\u00edas:<\/strong> Restauraci\u00f3n de ventanas y puertas originales para mejorar su estanqueidad, o la instalaci\u00f3n de doble acristalamiento en la carpinter\u00eda existente si su dise\u00f1o lo permite.<\/li>\n<li><strong>Optimizaci\u00f3n de instalaciones:<\/strong> Implementaci\u00f3n de sistemas de climatizaci\u00f3n de alta eficiencia (aerotermia, geotermia) que se integren discretamente en la estructura del edificio.<\/li>\n<li><strong>Monitorizaci\u00f3n y gesti\u00f3n energ\u00e9tica:<\/strong> Sistemas de control que optimizan el consumo sin necesidad de intervenciones f\u00edsicas dr\u00e1sticas.<\/li>\n<\/ul>\n<h3>El papel del Certificado de Eficiencia Energ\u00e9tica (CEE)<\/h3>\n<p>El Certificado de Eficiencia Energ\u00e9tica sigue siendo una herramienta fundamental. Para un edificio protegido, un CEE realizado por t\u00e9cnicos especializados no solo cumple con un requisito legal en transacciones de venta o alquiler, sino que se convierte en un mapa de ruta. Identifica el potencial de mejora, propone medidas compatibles con la protecci\u00f3n patrimonial y cuantifica el ahorro energ\u00e9tico y econ\u00f3mico que se podr\u00eda conseguir.<\/p>\n<h3>La importancia de un equipo t\u00e9cnico especializado<\/h3>\n<p>Navegar por la complejidad de la EPBD, las normativas de patrimonio y las soluciones t\u00e9cnicas disponibles exige la intervenci\u00f3n de un equipo multidisciplinar. En <strong>Proiescon<\/strong>, contamos con arquitectos, ingenieros y restauradores expertos en la <a href=\"https:\/\/www.proiescon.es\/restauracion-patrimonio-historico\/\">restauraci\u00f3n de patrimonio hist\u00f3rico<\/a>, capaces de realizar un diagn\u00f3stico preciso y dise\u00f1ar proyectos a medida.<\/p>\n<p>Nuestro enfoque integra el rigor t\u00e9cnico de la eficiencia energ\u00e9tica con la sensibilidad y el conocimiento del <a href=\"https:\/\/www.proiescon.es\/mantenimiento-edificios-historicos\/\">mantenimiento de edificios hist\u00f3ricos<\/a>. Entendemos que proteger el valor hist\u00f3rico y mejorar la sostenibilidad de su edificio no son objetivos opuestos, sino dos caras de la misma moneda: la preservaci\u00f3n a largo plazo de nuestro legado arquitect\u00f3nico.<\/p>\n<p>La nueva Directiva EPBD no es una amenaza para el patrimonio, sino un catalizador para su modernizaci\u00f3n responsable. Afrontar este reto con el asesoramiento adecuado es el primer paso para garantizar que los edificios hist\u00f3ricos sigan siendo funcionales, confortables y sostenibles para las generaciones futuras. Contacte con nuestro equipo para evaluar su caso y descubrir las soluciones que mejor se adaptan a las necesidades de su propiedad.<\/p>\n","protected":false},"excerpt":{"rendered":"<p>La nueva Directiva Europea de Eficiencia Energ\u00e9tica de Edificios (EPBD) impone retos significativos para el patrimonio. Descubra qu\u00e9 edificios protegidos y BIC est\u00e1n exentos, cu\u00e1les deben rehabilitarse y c\u00f3mo cumplir la normativa sin alterar su valor hist\u00f3rico.<\/p>\n","protected":false},"author":1,"featured_media":0,"comment_status":"open","ping_status":"open","sticky":false,"template":"","format":"standard","meta":{"_yoast_wpseo_focuskw":"Directiva Europea EPBD edificios protegidos","_yoast_wpseo_title":"Directiva EPBD en Edificios Protegidos y BIC | Gu\u00eda 2024","_yoast_wpseo_metadesc":"\u00bfEs obligatoria la rehabilitaci\u00f3n energ\u00e9tica para edificios protegidos por la nueva Directiva EPBD? Aclaramos las exenciones, plazos y soluciones para el patrimonio hist\u00f3rico.","_yoast_wpseo_opengraph-title":"\u00bfTu Edificio Protegido debe cumplir con la Nueva Directiva Energ\u00e9tica Europea?","_yoast_wpseo_opengraph-description":"La Directiva EPBD 2024 busca un parque inmobiliario sin emisiones para 2050. Analizamos c\u00f3mo afecta esto a edificios hist\u00f3ricos y BIC, sus exenciones y las soluciones para una rehabilitaci\u00f3n respetuosa.","_yoast_wpseo_opengraph-image":"","_yoast_wpseo_twitter-title":"\u00bfTu Edificio Protegido debe cumplir con la Nueva Directiva Energ\u00e9tica Europea?","_yoast_wpseo_twitter-description":"La Directiva EPBD 2024 busca un parque inmobiliario sin emisiones para 2050. Analizamos c\u00f3mo afecta esto a edificios hist\u00f3ricos y BIC, sus exenciones y las soluciones para una rehabilitaci\u00f3n respetuosa.","_yoast_wpseo_twitter-image":"","footnotes":""},"categories":[192],"tags":[],"class_list":["post-20628","post","type-post","status-publish","format-standard","hentry","category-normativa-y-reformas-de-edificios"],"yoast_head":"<!-- This site is optimized with the Yoast SEO plugin v26.1.1 - https:\/\/yoast.com\/wordpress\/plugins\/seo\/ -->\n<title>Directiva EPBD en Edificios Protegidos y BIC | Gu\u00eda 2024<\/title>\n<meta name=\"description\" content=\"\u00bfEs obligatoria la rehabilitaci\u00f3n energ\u00e9tica para edificios protegidos por la nueva Directiva EPBD? Aclaramos las exenciones, plazos y soluciones para el patrimonio hist\u00f3rico.\" \/>\n<meta name=\"robots\" content=\"index, follow, max-snippet:-1, max-image-preview:large, max-video-preview:-1\" \/>\n<link rel=\"canonical\" href=\"https:\/\/www.proiescon.es\/noticias\/la-nueva-directiva-epbd-como-afecta-a-edificios-protegidos-y-bic-en-espana\/\" \/>\n<meta property=\"og:locale\" content=\"es_ES\" \/>\n<meta property=\"og:type\" content=\"article\" \/>\n<meta property=\"og:title\" content=\"\u00bfTu Edificio Protegido debe cumplir con la Nueva Directiva Energ\u00e9tica Europea?\" \/>\n<meta property=\"og:description\" content=\"La Directiva EPBD 2024 busca un parque inmobiliario sin emisiones para 2050. Analizamos c\u00f3mo afecta esto a edificios hist\u00f3ricos y BIC, sus exenciones y las soluciones para una rehabilitaci\u00f3n respetuosa.\" \/>\n<meta property=\"og:url\" content=\"https:\/\/www.proiescon.es\/noticias\/la-nueva-directiva-epbd-como-afecta-a-edificios-protegidos-y-bic-en-espana\/\" \/>\n<meta property=\"og:site_name\" content=\"Noticias Proiescon\" \/>\n<meta property=\"article:publisher\" content=\"https:\/\/www.facebook.com\/Proiescon-SL-152080794969040\/\" \/>\n<meta property=\"article:published_time\" content=\"2026-08-31T07:39:00+00:00\" \/>\n<meta property=\"article:modified_time\" content=\"2026-08-31T07:41:36+00:00\" \/>\n<meta name=\"author\" content=\"moon\" \/>\n<script type=\"application\/ld+json\" class=\"yoast-schema-graph\">{\"@context\":\"https:\/\/schema.org\",\"@graph\":[{\"@type\":\"Article\",\"@id\":\"https:\/\/www.proiescon.es\/noticias\/la-nueva-directiva-epbd-como-afecta-a-edificios-protegidos-y-bic-en-espana\/#article\",\"isPartOf\":{\"@id\":\"https:\/\/www.proiescon.es\/noticias\/la-nueva-directiva-epbd-como-afecta-a-edificios-protegidos-y-bic-en-espana\/\"},\"author\":{\"name\":\"moon\",\"@id\":\"https:\/\/www.proiescon.es\/noticias\/#\/schema\/person\/3cb9b92bbc4f5ab3a96bdbc9348a1559\"},\"headline\":\"La Nueva Directiva EPBD: C\u00f3mo Afecta a Edificios Protegidos y BIC en Espa\u00f1a\",\"datePublished\":\"2026-08-31T07:39:00+00:00\",\"dateModified\":\"2026-08-31T07:41:36+00:00\",\"mainEntityOfPage\":{\"@id\":\"https:\/\/www.proiescon.es\/noticias\/la-nueva-directiva-epbd-como-afecta-a-edificios-protegidos-y-bic-en-espana\/\"},\"wordCount\":1494,\"commentCount\":0,\"publisher\":{\"@id\":\"https:\/\/www.proiescon.es\/noticias\/#organization\"},\"articleSection\":[\"Normativa y Reformas de Edificios\"],\"inLanguage\":\"es\",\"potentialAction\":[{\"@type\":\"CommentAction\",\"name\":\"Comment\",\"target\":[\"https:\/\/www.proiescon.es\/noticias\/la-nueva-directiva-epbd-como-afecta-a-edificios-protegidos-y-bic-en-espana\/#respond\"]}]},{\"@type\":\"WebPage\",\"@id\":\"https:\/\/www.proiescon.es\/noticias\/la-nueva-directiva-epbd-como-afecta-a-edificios-protegidos-y-bic-en-espana\/\",\"url\":\"https:\/\/www.proiescon.es\/noticias\/la-nueva-directiva-epbd-como-afecta-a-edificios-protegidos-y-bic-en-espana\/\",\"name\":\"Directiva EPBD en Edificios Protegidos y BIC | Gu\u00eda 2024\",\"isPartOf\":{\"@id\":\"https:\/\/www.proiescon.es\/noticias\/#website\"},\"datePublished\":\"2026-08-31T07:39:00+00:00\",\"dateModified\":\"2026-08-31T07:41:36+00:00\",\"description\":\"\u00bfEs obligatoria la rehabilitaci\u00f3n energ\u00e9tica para edificios protegidos por la nueva Directiva EPBD? Aclaramos las exenciones, plazos y soluciones para el patrimonio hist\u00f3rico.\",\"breadcrumb\":{\"@id\":\"https:\/\/www.proiescon.es\/noticias\/la-nueva-directiva-epbd-como-afecta-a-edificios-protegidos-y-bic-en-espana\/#breadcrumb\"},\"inLanguage\":\"es\",\"potentialAction\":[{\"@type\":\"ReadAction\",\"target\":[\"https:\/\/www.proiescon.es\/noticias\/la-nueva-directiva-epbd-como-afecta-a-edificios-protegidos-y-bic-en-espana\/\"]}]},{\"@type\":\"BreadcrumbList\",\"@id\":\"https:\/\/www.proiescon.es\/noticias\/la-nueva-directiva-epbd-como-afecta-a-edificios-protegidos-y-bic-en-espana\/#breadcrumb\",\"itemListElement\":[{\"@type\":\"ListItem\",\"position\":1,\"name\":\"Portada\",\"item\":\"https:\/\/www.proiescon.es\/noticias\/\"},{\"@type\":\"ListItem\",\"position\":2,\"name\":\"La Nueva Directiva EPBD: C\u00f3mo Afecta a Edificios Protegidos y BIC en Espa\u00f1a\"}]},{\"@type\":\"WebSite\",\"@id\":\"https:\/\/www.proiescon.es\/noticias\/#website\",\"url\":\"https:\/\/www.proiescon.es\/noticias\/\",\"name\":\"Proiescon Rehabilitaci\u00f3n y mantenimiento de edificios y restauraci\u00f3n de patrimonio\",\"description\":\"Sitio de noticias Proiescon\",\"publisher\":{\"@id\":\"https:\/\/www.proiescon.es\/noticias\/#organization\"},\"potentialAction\":[{\"@type\":\"SearchAction\",\"target\":{\"@type\":\"EntryPoint\",\"urlTemplate\":\"https:\/\/www.proiescon.es\/noticias\/?s={search_term_string}\"},\"query-input\":{\"@type\":\"PropertyValueSpecification\",\"valueRequired\":true,\"valueName\":\"search_term_string\"}}],\"inLanguage\":\"es\"},{\"@type\":\"Organization\",\"@id\":\"https:\/\/www.proiescon.es\/noticias\/#organization\",\"name\":\"Proiescon\",\"url\":\"https:\/\/www.proiescon.es\/noticias\/\",\"logo\":{\"@type\":\"ImageObject\",\"inLanguage\":\"es\",\"@id\":\"https:\/\/www.proiescon.es\/noticias\/#\/schema\/logo\/image\/\",\"url\":\"https:\/\/www.proiescon.es\/wp-content\/uploads\/logo_movil.jpg\",\"contentUrl\":\"https:\/\/www.proiescon.es\/wp-content\/uploads\/logo_movil.jpg\",\"width\":191,\"height\":39,\"caption\":\"Proiescon\"},\"image\":{\"@id\":\"https:\/\/www.proiescon.es\/noticias\/#\/schema\/logo\/image\/\"},\"sameAs\":[\"https:\/\/www.facebook.com\/Proiescon-SL-152080794969040\/\",\"https:\/\/x.com\/proiesconsl\",\"https:\/\/www.instagram.com\/proiescon\/\",\"https:\/\/www.youtube.com\/channel\/UCdp_xKB8XccyCr5ONArV46g\"]},{\"@type\":\"Person\",\"@id\":\"https:\/\/www.proiescon.es\/noticias\/#\/schema\/person\/3cb9b92bbc4f5ab3a96bdbc9348a1559\",\"name\":\"moon\",\"image\":{\"@type\":\"ImageObject\",\"inLanguage\":\"es\",\"@id\":\"https:\/\/www.proiescon.es\/noticias\/#\/schema\/person\/image\/\",\"url\":\"https:\/\/secure.gravatar.com\/avatar\/3f4a68fdbc2ee21144c2e15d164e9d4a?s=96&d=mm&r=g\",\"contentUrl\":\"https:\/\/secure.gravatar.com\/avatar\/3f4a68fdbc2ee21144c2e15d164e9d4a?s=96&d=mm&r=g\",\"caption\":\"moon\"}}]}<\/script>\n<!-- \/ Yoast SEO plugin. -->","yoast_head_json":{"title":"Directiva EPBD en Edificios Protegidos y BIC | Gu\u00eda 2024","description":"\u00bfEs obligatoria la rehabilitaci\u00f3n energ\u00e9tica para edificios protegidos por la nueva Directiva EPBD? Aclaramos las exenciones, plazos y soluciones para el patrimonio hist\u00f3rico.","robots":{"index":"index","follow":"follow","max-snippet":"max-snippet:-1","max-image-preview":"max-image-preview:large","max-video-preview":"max-video-preview:-1"},"canonical":"https:\/\/www.proiescon.es\/noticias\/la-nueva-directiva-epbd-como-afecta-a-edificios-protegidos-y-bic-en-espana\/","og_locale":"es_ES","og_type":"article","og_title":"\u00bfTu Edificio Protegido debe cumplir con la Nueva Directiva Energ\u00e9tica Europea?","og_description":"La Directiva EPBD 2024 busca un parque inmobiliario sin emisiones para 2050. Analizamos c\u00f3mo afecta esto a edificios hist\u00f3ricos y BIC, sus exenciones y las soluciones para una rehabilitaci\u00f3n respetuosa.","og_url":"https:\/\/www.proiescon.es\/noticias\/la-nueva-directiva-epbd-como-afecta-a-edificios-protegidos-y-bic-en-espana\/","og_site_name":"Noticias Proiescon","article_publisher":"https:\/\/www.facebook.com\/Proiescon-SL-152080794969040\/","article_published_time":"2026-08-31T07:39:00+00:00","article_modified_time":"2026-08-31T07:41:36+00:00","author":"moon","schema":{"@context":"https:\/\/schema.org","@graph":[{"@type":"Article","@id":"https:\/\/www.proiescon.es\/noticias\/la-nueva-directiva-epbd-como-afecta-a-edificios-protegidos-y-bic-en-espana\/#article","isPartOf":{"@id":"https:\/\/www.proiescon.es\/noticias\/la-nueva-directiva-epbd-como-afecta-a-edificios-protegidos-y-bic-en-espana\/"},"author":{"name":"moon","@id":"https:\/\/www.proiescon.es\/noticias\/#\/schema\/person\/3cb9b92bbc4f5ab3a96bdbc9348a1559"},"headline":"La Nueva Directiva EPBD: C\u00f3mo Afecta a Edificios Protegidos y BIC en Espa\u00f1a","datePublished":"2026-08-31T07:39:00+00:00","dateModified":"2026-08-31T07:41:36+00:00","mainEntityOfPage":{"@id":"https:\/\/www.proiescon.es\/noticias\/la-nueva-directiva-epbd-como-afecta-a-edificios-protegidos-y-bic-en-espana\/"},"wordCount":1494,"commentCount":0,"publisher":{"@id":"https:\/\/www.proiescon.es\/noticias\/#organization"},"articleSection":["Normativa y Reformas de Edificios"],"inLanguage":"es","potentialAction":[{"@type":"CommentAction","name":"Comment","target":["https:\/\/www.proiescon.es\/noticias\/la-nueva-directiva-epbd-como-afecta-a-edificios-protegidos-y-bic-en-espana\/#respond"]}]},{"@type":"WebPage","@id":"https:\/\/www.proiescon.es\/noticias\/la-nueva-directiva-epbd-como-afecta-a-edificios-protegidos-y-bic-en-espana\/","url":"https:\/\/www.proiescon.es\/noticias\/la-nueva-directiva-epbd-como-afecta-a-edificios-protegidos-y-bic-en-espana\/","name":"Directiva EPBD en Edificios Protegidos y BIC | Gu\u00eda 2024","isPartOf":{"@id":"https:\/\/www.proiescon.es\/noticias\/#website"},"datePublished":"2026-08-31T07:39:00+00:00","dateModified":"2026-08-31T07:41:36+00:00","description":"\u00bfEs obligatoria la rehabilitaci\u00f3n energ\u00e9tica para edificios protegidos por la nueva Directiva EPBD? Aclaramos las exenciones, plazos y soluciones para el patrimonio hist\u00f3rico.","breadcrumb":{"@id":"https:\/\/www.proiescon.es\/noticias\/la-nueva-directiva-epbd-como-afecta-a-edificios-protegidos-y-bic-en-espana\/#breadcrumb"},"inLanguage":"es","potentialAction":[{"@type":"ReadAction","target":["https:\/\/www.proiescon.es\/noticias\/la-nueva-directiva-epbd-como-afecta-a-edificios-protegidos-y-bic-en-espana\/"]}]},{"@type":"BreadcrumbList","@id":"https:\/\/www.proiescon.es\/noticias\/la-nueva-directiva-epbd-como-afecta-a-edificios-protegidos-y-bic-en-espana\/#breadcrumb","itemListElement":[{"@type":"ListItem","position":1,"name":"Portada","item":"https:\/\/www.proiescon.es\/noticias\/"},{"@type":"ListItem","position":2,"name":"La Nueva Directiva EPBD: C\u00f3mo Afecta a Edificios Protegidos y BIC en Espa\u00f1a"}]},{"@type":"WebSite","@id":"https:\/\/www.proiescon.es\/noticias\/#website","url":"https:\/\/www.proiescon.es\/noticias\/","name":"Proiescon Rehabilitaci\u00f3n y mantenimiento de edificios y restauraci\u00f3n de patrimonio","description":"Sitio de noticias Proiescon","publisher":{"@id":"https:\/\/www.proiescon.es\/noticias\/#organization"},"potentialAction":[{"@type":"SearchAction","target":{"@type":"EntryPoint","urlTemplate":"https:\/\/www.proiescon.es\/noticias\/?s={search_term_string}"},"query-input":{"@type":"PropertyValueSpecification","valueRequired":true,"valueName":"search_term_string"}}],"inLanguage":"es"},{"@type":"Organization","@id":"https:\/\/www.proiescon.es\/noticias\/#organization","name":"Proiescon","url":"https:\/\/www.proiescon.es\/noticias\/","logo":{"@type":"ImageObject","inLanguage":"es","@id":"https:\/\/www.proiescon.es\/noticias\/#\/schema\/logo\/image\/","url":"https:\/\/www.proiescon.es\/wp-content\/uploads\/logo_movil.jpg","contentUrl":"https:\/\/www.proiescon.es\/wp-content\/uploads\/logo_movil.jpg","width":191,"height":39,"caption":"Proiescon"},"image":{"@id":"https:\/\/www.proiescon.es\/noticias\/#\/schema\/logo\/image\/"},"sameAs":["https:\/\/www.facebook.com\/Proiescon-SL-152080794969040\/","https:\/\/x.com\/proiesconsl","https:\/\/www.instagram.com\/proiescon\/","https:\/\/www.youtube.com\/channel\/UCdp_xKB8XccyCr5ONArV46g"]},{"@type":"Person","@id":"https:\/\/www.proiescon.es\/noticias\/#\/schema\/person\/3cb9b92bbc4f5ab3a96bdbc9348a1559","name":"moon","image":{"@type":"ImageObject","inLanguage":"es","@id":"https:\/\/www.proiescon.es\/noticias\/#\/schema\/person\/image\/","url":"https:\/\/secure.gravatar.com\/avatar\/3f4a68fdbc2ee21144c2e15d164e9d4a?s=96&d=mm&r=g","contentUrl":"https:\/\/secure.gravatar.com\/avatar\/3f4a68fdbc2ee21144c2e15d164e9d4a?s=96&d=mm&r=g","caption":"moon"}}]}},"_links":{"self":[{"href":"https:\/\/www.proiescon.es\/noticias\/wp-json\/wp\/v2\/posts\/20628","targetHints":{"allow":["GET"]}}],"collection":[{"href":"https:\/\/www.proiescon.es\/noticias\/wp-json\/wp\/v2\/posts"}],"about":[{"href":"https:\/\/www.proiescon.es\/noticias\/wp-json\/wp\/v2\/types\/post"}],"author":[{"embeddable":true,"href":"https:\/\/www.proiescon.es\/noticias\/wp-json\/wp\/v2\/users\/1"}],"replies":[{"embeddable":true,"href":"https:\/\/www.proiescon.es\/noticias\/wp-json\/wp\/v2\/comments?post=20628"}],"version-history":[{"count":1,"href":"https:\/\/www.proiescon.es\/noticias\/wp-json\/wp\/v2\/posts\/20628\/revisions"}],"predecessor-version":[{"id":20629,"href":"https:\/\/www.proiescon.es\/noticias\/wp-json\/wp\/v2\/posts\/20628\/revisions\/20629"}],"wp:attachment":[{"href":"https:\/\/www.proiescon.es\/noticias\/wp-json\/wp\/v2\/media?parent=20628"}],"wp:term":[{"taxonomy":"category","embeddable":true,"href":"https:\/\/www.proiescon.es\/noticias\/wp-json\/wp\/v2\/categories?post=20628"},{"taxonomy":"post_tag","embeddable":true,"href":"https:\/\/www.proiescon.es\/noticias\/wp-json\/wp\/v2\/tags?post=20628"}],"curies":[{"name":"wp","href":"https:\/\/api.w.org\/{rel}","templated":true}]}}